{"id":896,"date":"2025-12-08T04:26:53","date_gmt":"2025-12-08T04:26:53","guid":{"rendered":"https:\/\/academiamoto.ro\/blog\/?p=896"},"modified":"2025-12-11T13:05:55","modified_gmt":"2025-12-11T13:05:55","slug":"valentina-secretara-yka-mersul-pe-motocicleta-face-copilaria-mai-frumoasa","status":"publish","type":"post","link":"https:\/\/academiamoto.ro\/blog\/valentina-secretara-yka-mersul-pe-motocicleta-face-copilaria-mai-frumoasa\/","title":{"rendered":"Valentina, secretara YKA: mersul pe motociclet\u0103 face copil\u0103ria mai frumoas\u0103"},"content":{"rendered":"<h2>Fac parte din echipa <strong>Yamaha Kids Academy<\/strong> (YKA) de aproximativ doi ani \u0219i m\u0103 ocup de secretariat \u0219i partea administrativ\u0103 a acestei \u0219coli moto pentru copii. <\/h2>\n<blockquote><p>Suntem aici un grup de oameni care lucreaz\u0103 \u00eempreun\u0103 pentru obiective \u0219i pasiuni comune, iar acest lucru m-a ajutat s\u0103 m\u0103 integrez foarte repede. <strong>Suntem practic o familie.<\/strong><\/p><\/blockquote>\n<p><img loading=\"lazy\" decoding=\"async\" src=\"https:\/\/academiamoto.ro\/blog\/wp-content\/uploads\/2025\/12\/Valentina-yamaha-kids-academy-2.jpg\" alt=\"Valentina-yamaha-kids-academy-2\" width=\"1200\" height=\"675\" class=\"alignnone size-full wp-image-912\" srcset=\"https:\/\/academiamoto.ro\/blog\/wp-content\/uploads\/2025\/12\/Valentina-yamaha-kids-academy-2.jpg 1200w, https:\/\/academiamoto.ro\/blog\/wp-content\/uploads\/2025\/12\/Valentina-yamaha-kids-academy-2-300x169.jpg 300w, https:\/\/academiamoto.ro\/blog\/wp-content\/uploads\/2025\/12\/Valentina-yamaha-kids-academy-2-768x432.jpg 768w, https:\/\/academiamoto.ro\/blog\/wp-content\/uploads\/2025\/12\/Valentina-yamaha-kids-academy-2-1024x576.jpg 1024w\" sizes=\"auto, (max-width: 1200px) 100vw, 1200px\" \/><\/p>\n<blockquote><p>\u00centotdeauna <strong>mi-a pl\u0103cut s\u0103 lucrez cu oamenii<\/strong> iar interac\u021biunea cu elevii, fie c\u0103 sunt adul\u021bi la Academia Moto sau copii de la Yamaha Kids Academy, m\u0103 fascineaz\u0103. <\/p><\/blockquote>\n<blockquote><p>\u00cemi place <strong>s\u0103 le ascult pove\u0219tile<\/strong>, s\u0103-i sus\u021bin de fiecare dat\u0103 cu ceea ce au nevoie \u0219i s\u0103 <strong>contribui \u0219i eu<\/strong>, din pozi\u021bia \u00een mea, <strong>la dezvoltarea viitorilor motocicli\u0219ti<\/strong>.<\/p><\/blockquote>\n<p><img loading=\"lazy\" decoding=\"async\" src=\"https:\/\/academiamoto.ro\/blog\/wp-content\/uploads\/2025\/12\/Valentina-yamaha-kids-academy-3.jpg\" alt=\"Valentina-yamaha-kids-academy-3\" width=\"1200\" height=\"675\" class=\"alignnone size-full wp-image-914\" srcset=\"https:\/\/academiamoto.ro\/blog\/wp-content\/uploads\/2025\/12\/Valentina-yamaha-kids-academy-3.jpg 1200w, https:\/\/academiamoto.ro\/blog\/wp-content\/uploads\/2025\/12\/Valentina-yamaha-kids-academy-3-300x169.jpg 300w, https:\/\/academiamoto.ro\/blog\/wp-content\/uploads\/2025\/12\/Valentina-yamaha-kids-academy-3-768x432.jpg 768w, https:\/\/academiamoto.ro\/blog\/wp-content\/uploads\/2025\/12\/Valentina-yamaha-kids-academy-3-1024x576.jpg 1024w\" sizes=\"auto, (max-width: 1200px) 100vw, 1200px\" \/><\/p>\n<blockquote><p>M\u0103 bucur s\u0103-i v\u0103d pe cei mici plini de via\u021b\u0103 la cursurile YKA, dornici s\u0103 experimenteze \u0219i uni\u021bi de aceea\u0219i pasiune&#8230; <strong>Mersul pe motociclet\u0103<\/strong> este o experien\u021b\u0103 minunat\u0103 ce <strong>\u00eemi treze\u0219te amintiri <\/strong>frumoase, \u0219i cred c\u0103 \u0219i lor le aduce aceea\u0219i bucurie \u0219i le <strong>face copil\u0103ria mai frumoas\u0103<\/strong>.<\/p><\/blockquote>\n","protected":false},"excerpt":{"rendered":"<p>Fac parte din echipa Yamaha Kids Academy (YKA) de aproximativ doi ani \u0219i m\u0103 ocup de secretariat \u0219i partea administrativ\u0103 a acestei \u0219coli moto pentru copii. Suntem aici un grup de oameni care lucreaz\u0103 \u00eempreun\u0103 pentru obiective \u0219i pasiuni comune, iar acest lucru m-a ajutat s\u0103 m\u0103 integrez foarte repede. Suntem practic o familie. \u00centotdeauna [&hellip;]<\/p>\n","protected":false},"author":2,"featured_media":910,"comment_status":"open","ping_status":"closed","sticky":false,"template":"","format":"standard","meta":{"footnotes":""},"categories":[130,7],"tags":[],"class_list":["post-896","post","type-post","status-publish","format-standard","has-post-thumbnail","hentry","category-cursuri-moto-copii","category-scoala-moto"],"yoast_head":"<!-- This site is optimized with the Yoast SEO plugin v27.1.1 - https:\/\/yoast.com\/product\/yoast-seo-wordpress\/ -->\n<title>Valentina, secretara YKA: mersul pe motociclet\u0103 face copil\u0103ria mai frumoas\u0103 - Pe Dou\u0103 Ro\u021bi<\/title>\n<meta name=\"description\" content=\"Fac parte din echipa Yamaha Kids Academy (YKA) de aproximativ doi ani \u0219i m\u0103 ocup de secretariat \u0219i partea administrativ\u0103 a acestei \u0219coli moto pentru copii.\" \/>\n<meta name=\"robots\" content=\"index, follow, max-snippet:-1, max-image-preview:large, max-video-preview:-1\" \/>\n<link rel=\"canonical\" href=\"https:\/\/academiamoto.ro\/blog\/valentina-secretara-yka-mersul-pe-motocicleta-face-copilaria-mai-frumoasa\/\" \/>\n<meta property=\"og:locale\" content=\"ro_RO\" \/>\n<meta property=\"og:type\" content=\"article\" \/>\n<meta property=\"og:title\" content=\"Valentina, secretara YKA: mersul pe motociclet\u0103 face copil\u0103ria mai frumoas\u0103 - Pe Dou\u0103 Ro\u021bi\" \/>\n<meta property=\"og:description\" content=\"Fac parte din echipa Yamaha Kids Academy (YKA) de aproximativ doi ani \u0219i m\u0103 ocup de secretariat \u0219i partea administrativ\u0103 a acestei \u0219coli moto pentru copii.\" \/>\n<meta property=\"og:url\" content=\"https:\/\/academiamoto.ro\/blog\/valentina-secretara-yka-mersul-pe-motocicleta-face-copilaria-mai-frumoasa\/\" \/>\n<meta property=\"og:site_name\" content=\"Pe Dou\u0103 Ro\u021bi\" \/>\n<meta property=\"article:publisher\" content=\"https:\/\/www.facebook.com\/academiamoto\/\" \/>\n<meta property=\"article:published_time\" content=\"2025-12-08T04:26:53+00:00\" \/>\n<meta property=\"article:modified_time\" content=\"2025-12-11T13:05:55+00:00\" \/>\n<meta property=\"og:image\" content=\"https:\/\/academiamoto.ro\/blog\/wp-content\/uploads\/2025\/12\/Valentina-yamaha-kids-academy.jpg\" \/>\n\t<meta property=\"og:image:width\" content=\"1200\" \/>\n\t<meta property=\"og:image:height\" content=\"675\" \/>\n\t<meta property=\"og:image:type\" content=\"image\/jpeg\" \/>\n<meta name=\"author\" content=\"Alex\" \/>\n<meta name=\"twitter:card\" content=\"summary_large_image\" \/>\n<meta name=\"twitter:label1\" content=\"Scris de\" \/>\n\t<meta name=\"twitter:data1\" content=\"Alex\" \/>\n\t<meta name=\"twitter:label2\" content=\"Timp estimat pentru citire\" \/>\n\t<meta name=\"twitter:data2\" content=\"1 minut\" \/>\n<!-- \/ Yoast SEO plugin. -->","yoast_head_json":{"title":"Valentina, secretara YKA: mersul pe motociclet\u0103 face copil\u0103ria mai frumoas\u0103 - Pe Dou\u0103 Ro\u021bi","description":"Fac parte din echipa Yamaha Kids Academy (YKA) de aproximativ doi ani \u0219i m\u0103 ocup de secretariat \u0219i partea administrativ\u0103 a acestei \u0219coli moto pentru copii.","robots":{"index":"index","follow":"follow","max-snippet":"max-snippet:-1","max-image-preview":"max-image-preview:large","max-video-preview":"max-video-preview:-1"},"canonical":"https:\/\/academiamoto.ro\/blog\/valentina-secretara-yka-mersul-pe-motocicleta-face-copilaria-mai-frumoasa\/","og_locale":"ro_RO","og_type":"article","og_title":"Valentina, secretara YKA: mersul pe motociclet\u0103 face copil\u0103ria mai frumoas\u0103 - Pe Dou\u0103 Ro\u021bi","og_description":"Fac parte din echipa Yamaha Kids Academy (YKA) de aproximativ doi ani \u0219i m\u0103 ocup de secretariat \u0219i partea administrativ\u0103 a acestei \u0219coli moto pentru copii.","og_url":"https:\/\/academiamoto.ro\/blog\/valentina-secretara-yka-mersul-pe-motocicleta-face-copilaria-mai-frumoasa\/","og_site_name":"Pe Dou\u0103 Ro\u021bi","article_publisher":"https:\/\/www.facebook.com\/academiamoto\/","article_published_time":"2025-12-08T04:26:53+00:00","article_modified_time":"2025-12-11T13:05:55+00:00","og_image":[{"width":1200,"height":675,"url":"https:\/\/academiamoto.ro\/blog\/wp-content\/uploads\/2025\/12\/Valentina-yamaha-kids-academy.jpg","type":"image\/jpeg"}],"author":"Alex","twitter_card":"summary_large_image","twitter_misc":{"Scris de":"Alex","Timp estimat pentru citire":"1 minut"},"schema":{"@context":"https:\/\/schema.org","@graph":[{"@type":"Article","@id":"https:\/\/academiamoto.ro\/blog\/valentina-secretara-yka-mersul-pe-motocicleta-face-copilaria-mai-frumoasa\/#article","isPartOf":{"@id":"https:\/\/academiamoto.ro\/blog\/valentina-secretara-yka-mersul-pe-motocicleta-face-copilaria-mai-frumoasa\/"},"author":{"name":"Alex","@id":"https:\/\/academiamoto.ro\/blog\/#\/schema\/person\/58b93a7c7d43e76e13caea53b0a1a713"},"headline":"Valentina, secretara YKA: mersul pe motociclet\u0103 face copil\u0103ria mai frumoas\u0103","datePublished":"2025-12-08T04:26:53+00:00","dateModified":"2025-12-11T13:05:55+00:00","mainEntityOfPage":{"@id":"https:\/\/academiamoto.ro\/blog\/valentina-secretara-yka-mersul-pe-motocicleta-face-copilaria-mai-frumoasa\/"},"wordCount":184,"commentCount":1,"publisher":{"@id":"https:\/\/academiamoto.ro\/blog\/#organization"},"image":{"@id":"https:\/\/academiamoto.ro\/blog\/valentina-secretara-yka-mersul-pe-motocicleta-face-copilaria-mai-frumoasa\/#primaryimage"},"thumbnailUrl":"https:\/\/academiamoto.ro\/blog\/wp-content\/uploads\/2025\/12\/Valentina-yamaha-kids-academy.jpg","articleSection":["Moto Junior","\u0218coala Moto"],"inLanguage":"ro-RO","potentialAction":[{"@type":"CommentAction","name":"Comment","target":["https:\/\/academiamoto.ro\/blog\/valentina-secretara-yka-mersul-pe-motocicleta-face-copilaria-mai-frumoasa\/#respond"]}]},{"@type":"WebPage","@id":"https:\/\/academiamoto.ro\/blog\/valentina-secretara-yka-mersul-pe-motocicleta-face-copilaria-mai-frumoasa\/","url":"https:\/\/academiamoto.ro\/blog\/valentina-secretara-yka-mersul-pe-motocicleta-face-copilaria-mai-frumoasa\/","name":"Valentina, secretara YKA: mersul pe motociclet\u0103 face copil\u0103ria mai frumoas\u0103 - Pe Dou\u0103 Ro\u021bi","isPartOf":{"@id":"https:\/\/academiamoto.ro\/blog\/#website"},"primaryImageOfPage":{"@id":"https:\/\/academiamoto.ro\/blog\/valentina-secretara-yka-mersul-pe-motocicleta-face-copilaria-mai-frumoasa\/#primaryimage"},"image":{"@id":"https:\/\/academiamoto.ro\/blog\/valentina-secretara-yka-mersul-pe-motocicleta-face-copilaria-mai-frumoasa\/#primaryimage"},"thumbnailUrl":"https:\/\/academiamoto.ro\/blog\/wp-content\/uploads\/2025\/12\/Valentina-yamaha-kids-academy.jpg","datePublished":"2025-12-08T04:26:53+00:00","dateModified":"2025-12-11T13:05:55+00:00","description":"Fac parte din echipa Yamaha Kids Academy (YKA) de aproximativ doi ani \u0219i m\u0103 ocup de secretariat \u0219i partea administrativ\u0103 a acestei \u0219coli moto pentru copii.","breadcrumb":{"@id":"https:\/\/academiamoto.ro\/blog\/valentina-secretara-yka-mersul-pe-motocicleta-face-copilaria-mai-frumoasa\/#breadcrumb"},"inLanguage":"ro-RO","potentialAction":[{"@type":"ReadAction","target":["https:\/\/academiamoto.ro\/blog\/valentina-secretara-yka-mersul-pe-motocicleta-face-copilaria-mai-frumoasa\/"]}]},{"@type":"ImageObject","inLanguage":"ro-RO","@id":"https:\/\/academiamoto.ro\/blog\/valentina-secretara-yka-mersul-pe-motocicleta-face-copilaria-mai-frumoasa\/#primaryimage","url":"https:\/\/academiamoto.ro\/blog\/wp-content\/uploads\/2025\/12\/Valentina-yamaha-kids-academy.jpg","contentUrl":"https:\/\/academiamoto.ro\/blog\/wp-content\/uploads\/2025\/12\/Valentina-yamaha-kids-academy.jpg","width":1200,"height":675,"caption":"Valentina-yamaha-kids-academy"},{"@type":"BreadcrumbList","@id":"https:\/\/academiamoto.ro\/blog\/valentina-secretara-yka-mersul-pe-motocicleta-face-copilaria-mai-frumoasa\/#breadcrumb","itemListElement":[{"@type":"ListItem","position":1,"name":"Home","item":"https:\/\/academiamoto.ro\/blog\/"},{"@type":"ListItem","position":2,"name":"Valentina, secretara YKA: mersul pe motociclet\u0103 face copil\u0103ria mai frumoas\u0103"}]},{"@type":"WebSite","@id":"https:\/\/academiamoto.ro\/blog\/#website","url":"https:\/\/academiamoto.ro\/blog\/","name":"MOTO Blog","description":"Sfaturi moto pentru drumuri sigure.","publisher":{"@id":"https:\/\/academiamoto.ro\/blog\/#organization"},"potentialAction":[{"@type":"SearchAction","target":{"@type":"EntryPoint","urlTemplate":"https:\/\/academiamoto.ro\/blog\/?s={search_term_string}"},"query-input":{"@type":"PropertyValueSpecification","valueRequired":true,"valueName":"search_term_string"}}],"inLanguage":"ro-RO"},{"@type":"Organization","@id":"https:\/\/academiamoto.ro\/blog\/#organization","name":"Academia Moto","url":"https:\/\/academiamoto.ro\/blog\/","logo":{"@type":"ImageObject","inLanguage":"ro-RO","@id":"https:\/\/academiamoto.ro\/blog\/#\/schema\/logo\/image\/","url":"https:\/\/academiamoto.ro\/blog\/wp-content\/uploads\/2026\/03\/logo-blog-1.png","contentUrl":"https:\/\/academiamoto.ro\/blog\/wp-content\/uploads\/2026\/03\/logo-blog-1.png","width":92,"height":81,"caption":"Academia Moto"},"image":{"@id":"https:\/\/academiamoto.ro\/blog\/#\/schema\/logo\/image\/"},"sameAs":["https:\/\/www.facebook.com\/academiamoto\/","https:\/\/www.instagram.com\/academia_moto\/","https:\/\/www.youtube.com\/channel\/UCxUfl51Ne4HhQVQOYxh76oA"]},{"@type":"Person","@id":"https:\/\/academiamoto.ro\/blog\/#\/schema\/person\/58b93a7c7d43e76e13caea53b0a1a713","name":"Alex","image":{"@type":"ImageObject","inLanguage":"ro-RO","@id":"https:\/\/academiamoto.ro\/blog\/#\/schema\/person\/image\/","url":"https:\/\/secure.gravatar.com\/avatar\/849c9e3bcd36e822d07b9ce0a6ea71be96807bdb9ce6706cec7fbe27c30539ce?s=96&d=mm&r=g","contentUrl":"https:\/\/secure.gravatar.com\/avatar\/849c9e3bcd36e822d07b9ce0a6ea71be96807bdb9ce6706cec7fbe27c30539ce?s=96&d=mm&r=g","caption":"Alex"},"url":"https:\/\/academiamoto.ro\/blog\/author\/alex\/"}]}},"_links":{"self":[{"href":"https:\/\/academiamoto.ro\/blog\/wp-json\/wp\/v2\/posts\/896","targetHints":{"allow":["GET"]}}],"collection":[{"href":"https:\/\/academiamoto.ro\/blog\/wp-json\/wp\/v2\/posts"}],"about":[{"href":"https:\/\/academiamoto.ro\/blog\/wp-json\/wp\/v2\/types\/post"}],"author":[{"embeddable":true,"href":"https:\/\/academiamoto.ro\/blog\/wp-json\/wp\/v2\/users\/2"}],"replies":[{"embeddable":true,"href":"https:\/\/academiamoto.ro\/blog\/wp-json\/wp\/v2\/comments?post=896"}],"version-history":[{"count":12,"href":"https:\/\/academiamoto.ro\/blog\/wp-json\/wp\/v2\/posts\/896\/revisions"}],"predecessor-version":[{"id":917,"href":"https:\/\/academiamoto.ro\/blog\/wp-json\/wp\/v2\/posts\/896\/revisions\/917"}],"wp:featuredmedia":[{"embeddable":true,"href":"https:\/\/academiamoto.ro\/blog\/wp-json\/wp\/v2\/media\/910"}],"wp:attachment":[{"href":"https:\/\/academiamoto.ro\/blog\/wp-json\/wp\/v2\/media?parent=896"}],"wp:term":[{"taxonomy":"category","embeddable":true,"href":"https:\/\/academiamoto.ro\/blog\/wp-json\/wp\/v2\/categories?post=896"},{"taxonomy":"post_tag","embeddable":true,"href":"https:\/\/academiamoto.ro\/blog\/wp-json\/wp\/v2\/tags?post=896"}],"curies":[{"name":"wp","href":"https:\/\/api.w.org\/{rel}","templated":true}]}}